{"id":577,"date":"2025-12-03T17:18:12","date_gmt":"2025-12-03T14:18:12","guid":{"rendered":"https:\/\/univation.com.tr\/hibeler\/?p=577"},"modified":"2025-12-03T17:23:06","modified_gmt":"2025-12-03T14:23:06","slug":"ar-ge-merkezi-hedefleri","status":"publish","type":"post","link":"https:\/\/univation.com.tr\/hibeler\/ar-ge-merkezi-hedefleri\/","title":{"rendered":"Stratejik \u0130\u015f Birli\u011finin Zirvesi: S\u00fcta\u015f, Ar-Ge Merkezi Y\u0131ll\u0131k De\u011ferlendirme ve Gelecek Vizyonu i\u00e7in Univation&#8217;\u0131 Ziyaret Etti"},"content":{"rendered":"<p>T\u00fcrkiye&#8217;nin g\u0131da sekt\u00f6r\u00fcndeki lider markas\u0131 S\u00fcta\u015f&#8217;\u0131n ba\u015far\u0131s\u0131n\u0131n ard\u0131ndaki en \u00f6nemli itici g\u00fc\u00e7lerden biri olan <strong>Ar-Ge Merkezi<\/strong> faaliyetlerinin y\u0131ll\u0131k de\u011ferlendirmesi ve 2026 y\u0131l\u0131 hedeflerinin belirlenmesi amac\u0131yla, S\u00fcta\u015f Ar-Ge ve Teknoloji Ba\u015fkan\u0131 Murat Arat ve Ar-Ge Merkezi Koordinat\u00f6r\u00fc \u00d6zlem Kaner, Univation Genel M\u00fcd\u00fcr\u00fc Hakan Ery\u0131lmaz ile bir araya gelmek \u00fczere ofisimize \u00f6nemli bir ziyaret ger\u00e7ekle\u015ftirdi. Bu stratejik bulu\u015fma, g\u0131da end\u00fcstrisinin gelece\u011fini \u015fekillendirecek inovasyonlar\u0131n, s\u00fcrd\u00fcr\u00fclebilirlik projelerinin ve teknolojik at\u0131l\u0131mlar\u0131n masaya yat\u0131r\u0131ld\u0131\u011f\u0131, son derece verimli bir zirveye d\u00f6n\u00fc\u015ft\u00fc. \u0130ki kurum aras\u0131ndaki g\u00fc\u00e7l\u00fc sinerji, S\u00fcta\u015f&#8217;\u0131n sekt\u00f6rdeki \u00f6nc\u00fc konumunu daha da peki\u015ftirecek ve T\u00fcrkiye&#8217;nin g\u0131da teknolojileri alan\u0131ndaki yetkinli\u011fini uluslararas\u0131 arenada bir \u00fcst seviyeye ta\u015f\u0131yacak somut ad\u0131mlar\u0131n at\u0131lmas\u0131na zemin haz\u0131rlad\u0131. Bu toplant\u0131, sadece bir y\u0131ll\u0131k de\u011ferlendirme olman\u0131n \u00f6tesinde, gelece\u011fin t\u00fcketici beklentilerine, k\u00fcresel g\u0131da g\u00fcvenli\u011fi sorunlar\u0131na ve dijital d\u00f6n\u00fc\u015f\u00fcm\u00fcn getirdi\u011fi f\u0131rsatlara yan\u0131t verecek uzun vadeli bir yol haritas\u0131n\u0131n \u00e7izildi\u011fi kritik bir platform oldu.<\/p>\n<div id=\"ez-toc-container\" class=\"ez-toc-v2_0_82_1 counter-hierarchy ez-toc-counter ez-toc-grey ez-toc-container-direction\">\n<div class=\"ez-toc-title-container\">\n<p class=\"ez-toc-title\" style=\"cursor:inherit\">\u0130\u00e7indekiler<\/p>\n<span class=\"ez-toc-title-toggle\"><a href=\"#\" class=\"ez-toc-pull-right ez-toc-btn ez-toc-btn-xs ez-toc-btn-default ez-toc-toggle\" aria-label=\"\u0130\u00e7indekiler Tablosunu A\u00e7\/Kapat\"><span class=\"ez-toc-js-icon-con\"><span class=\"\"><span class=\"eztoc-hide\" style=\"display:none;\">Toggle<\/span><span class=\"ez-toc-icon-toggle-span\"><svg style=\"fill: #999;color:#999\" xmlns=\"http:\/\/www.w3.org\/2000\/svg\" class=\"list-377408\" width=\"20px\" height=\"20px\" viewBox=\"0 0 24 24\" fill=\"none\"><path d=\"M6 6H4v2h2V6zm14 0H8v2h12V6zM4 11h2v2H4v-2zm16 0H8v2h12v-2zM4 16h2v2H4v-2zm16 0H8v2h12v-2z\" fill=\"currentColor\"><\/path><\/svg><svg style=\"fill: #999;color:#999\" class=\"arrow-unsorted-368013\" xmlns=\"http:\/\/www.w3.org\/2000\/svg\" width=\"10px\" height=\"10px\" viewBox=\"0 0 24 24\" version=\"1.2\" baseProfile=\"tiny\"><path d=\"M18.2 9.3l-6.2-6.3-6.2 6.3c-.2.2-.3.4-.3.7s.1.5.3.7c.2.2.4.3.7.3h11c.3 0 .5-.1.7-.3.2-.2.3-.5.3-.7s-.1-.5-.3-.7zM5.8 14.7l6.2 6.3 6.2-6.3c.2-.2.3-.5.3-.7s-.1-.5-.3-.7c-.2-.2-.4-.3-.7-.3h-11c-.3 0-.5.1-.7.3-.2.2-.3.5-.3.7s.1.5.3.7z\"\/><\/svg><\/span><\/span><\/span><\/a><\/span><\/div>\n<nav><ul class='ez-toc-list ez-toc-list-level-1 ' ><li class='ez-toc-page-1 ez-toc-heading-level-2'><a class=\"ez-toc-link ez-toc-heading-1\" href=\"https:\/\/univation.com.tr\/hibeler\/ar-ge-merkezi-hedefleri\/#Sutas_Sut_ve_Gida_Sektorunde_Bir_Inovasyon_Devi\" >S\u00fcta\u015f: S\u00fct ve G\u0131da Sekt\u00f6r\u00fcnde Bir \u0130novasyon Devi<\/a><\/li><li class='ez-toc-page-1 ez-toc-heading-level-2'><a class=\"ez-toc-link ez-toc-heading-2\" href=\"https:\/\/univation.com.tr\/hibeler\/ar-ge-merkezi-hedefleri\/#Gida_Sektorunde_Ar-Genin_Stratejik_Rolu_ve_Onemi\" >G\u0131da Sekt\u00f6r\u00fcnde Ar-Ge&#8217;nin Stratejik Rol\u00fc ve \u00d6nemi<\/a><\/li><li class='ez-toc-page-1 ez-toc-heading-level-2'><a class=\"ez-toc-link ez-toc-heading-3\" href=\"https:\/\/univation.com.tr\/hibeler\/ar-ge-merkezi-hedefleri\/#Yillik_Degerlendirme_Sureci_Basarilarin_Analizi_ve_Ogrenimler\" >Y\u0131ll\u0131k De\u011ferlendirme S\u00fcreci: Ba\u015far\u0131lar\u0131n Analizi ve \u00d6\u011frenimler<\/a><\/li><li class='ez-toc-page-1 ez-toc-heading-level-2'><a class=\"ez-toc-link ez-toc-heading-4\" href=\"https:\/\/univation.com.tr\/hibeler\/ar-ge-merkezi-hedefleri\/#Gelecege_Bakis_2026_Yili_Icin_Belirlenen_Cesur_Hedefler\" >Gelece\u011fe Bak\u0131\u015f: 2026 Y\u0131l\u0131 \u0130\u00e7in Belirlenen Cesur Hedefler<\/a><\/li><li class='ez-toc-page-1 ez-toc-heading-level-2'><a class=\"ez-toc-link ez-toc-heading-5\" href=\"https:\/\/univation.com.tr\/hibeler\/ar-ge-merkezi-hedefleri\/#Univationin_Stratejik_Danismanlik_Rolu_ve_Katma_Degeri\" >Univation&#8217;\u0131n Stratejik Dan\u0131\u015fmanl\u0131k Rol\u00fc ve Katma De\u011feri<\/a><\/li><li class='ez-toc-page-1 ez-toc-heading-level-2'><a class=\"ez-toc-link ez-toc-heading-6\" href=\"https:\/\/univation.com.tr\/hibeler\/ar-ge-merkezi-hedefleri\/#Gida_Inovasyonunun_Gelecegi_Surdurulebilirlik_Dijitallesme_ve_Saglik\" >G\u0131da \u0130novasyonunun Gelece\u011fi: S\u00fcrd\u00fcr\u00fclebilirlik, Dijitalle\u015fme ve Sa\u011fl\u0131k<\/a><\/li><li class='ez-toc-page-1 ez-toc-heading-level-2'><a class=\"ez-toc-link ez-toc-heading-7\" href=\"https:\/\/univation.com.tr\/hibeler\/ar-ge-merkezi-hedefleri\/#Is_Birliginin_Gucu_Sinerji_Yaratarak_Gelecegi_Birlikte_Insa_Etmek\" >\u0130\u015f Birli\u011finin G\u00fcc\u00fc: Sinerji Yaratarak Gelece\u011fi Birlikte \u0130n\u015fa Etmek<\/a><\/li><li class='ez-toc-page-1 ez-toc-heading-level-2'><a class=\"ez-toc-link ez-toc-heading-8\" href=\"https:\/\/univation.com.tr\/hibeler\/ar-ge-merkezi-hedefleri\/#Sonuc_Inovasyon_Yolculugunda_Kararli_Adimlar\" >Sonu\u00e7: \u0130novasyon Yolculu\u011funda Kararl\u0131 Ad\u0131mlar<\/a><\/li><li class='ez-toc-page-1 ez-toc-heading-level-2'><a class=\"ez-toc-link ez-toc-heading-9\" href=\"https:\/\/univation.com.tr\/hibeler\/ar-ge-merkezi-hedefleri\/#Daha_Fazlasini_Kesfedin\" >Daha Fazlas\u0131n\u0131 Ke\u015ffedin<\/a><\/li><\/ul><\/nav><\/div>\n<h2><span class=\"ez-toc-section\" id=\"Sutas_Sut_ve_Gida_Sektorunde_Bir_Inovasyon_Devi\"><\/span>S\u00fcta\u015f: S\u00fct ve G\u0131da Sekt\u00f6r\u00fcnde Bir \u0130novasyon Devi<span class=\"ez-toc-section-end\"><\/span><\/h2>\n<p>1975 y\u0131l\u0131nda Bursa&#8217;n\u0131n Karacabey il\u00e7esinde kurulan S\u00fcta\u015f, yar\u0131m asra yakla\u015fan tecr\u00fcbesiyle T\u00fcrkiye&#8217;de s\u00fct ve s\u00fct \u00fcr\u00fcnleri denince akla gelen ilk marka olmu\u015ftur. &#8216;S\u00fct\u00fcn iyili\u011fini ve bereketini yayma&#8217; misyonuyla yola \u00e7\u0131kan \u015firket, sadece \u00fcretim kapasitesiyle de\u011fil, ayn\u0131 zamanda kaliteye, do\u011fall\u0131\u011fa ve inovasyona verdi\u011fi \u00f6nemle de sekt\u00f6r\u00fcnde bir ekol haline gelmi\u015ftir. \u00c7iftlikten sofraya uzanan entegre i\u015f modeli sayesinde \u00fcr\u00fcnlerinin her a\u015famas\u0131nda tam kontrol sa\u011flayan S\u00fcta\u015f, bu sayede t\u00fcketicilere her zaman en taze ve en g\u00fcvenilir \u00fcr\u00fcnleri sunmay\u0131 ba\u015farm\u0131\u015ft\u0131r. \u015eirketin bu ba\u015far\u0131s\u0131n\u0131n temelinde, s\u00fcrekli geli\u015fime ve yenili\u011fe olan sars\u0131lmaz inanc\u0131 yatmaktad\u0131r. Bu inanc\u0131n en somut yans\u0131mas\u0131 ise \u015f\u00fcphesiz, Bilim, Sanayi ve Teknoloji Bakanl\u0131\u011f\u0131 taraf\u0131ndan tescil edilmi\u015f olan g\u00fc\u00e7l\u00fc <strong>Ar-Ge Merkezi<\/strong> yap\u0131s\u0131d\u0131r. Bu merkez, sadece yeni \u00fcr\u00fcnler geli\u015ftirmekle kalmaz, ayn\u0131 zamanda \u00fcretim s\u00fcre\u00e7lerini optimize eder, s\u00fcrd\u00fcr\u00fclebilirlik projelerine liderlik eder ve g\u0131da biliminin s\u0131n\u0131rlar\u0131n\u0131 zorlayan temel ara\u015ft\u0131rmalar y\u00fcr\u00fct\u00fcr.<\/p>\n<figure id=\"attachment_580\" aria-describedby=\"caption-attachment-580\" style=\"width: 900px\" class=\"wp-caption aligncenter\"><img fetchpriority=\"high\" decoding=\"async\" class=\"size-full wp-image-580\" src=\"https:\/\/univation.com.tr\/hibeler\/wp-content\/uploads\/2025\/12\/sutas-ar-ge-merkezi-2.jpg\" alt=\"Ar-ge Merkezi\" width=\"900\" height=\"600\" srcset=\"https:\/\/univation.com.tr\/hibeler\/wp-content\/uploads\/2025\/12\/sutas-ar-ge-merkezi-2.jpg 900w, https:\/\/univation.com.tr\/hibeler\/wp-content\/uploads\/2025\/12\/sutas-ar-ge-merkezi-2-300x200.jpg 300w, https:\/\/univation.com.tr\/hibeler\/wp-content\/uploads\/2025\/12\/sutas-ar-ge-merkezi-2-768x512.jpg 768w\" sizes=\"(max-width: 900px) 100vw, 900px\" \/><figcaption id=\"caption-attachment-580\" class=\"wp-caption-text\">Ar-ge Merkezi<\/figcaption><\/figure>\n<h2><span class=\"ez-toc-section\" id=\"Gida_Sektorunde_Ar-Genin_Stratejik_Rolu_ve_Onemi\"><\/span>G\u0131da Sekt\u00f6r\u00fcnde Ar-Ge&#8217;nin Stratejik Rol\u00fc ve \u00d6nemi<span class=\"ez-toc-section-end\"><\/span><\/h2>\n<p>G\u0131da sekt\u00f6r\u00fc, artan d\u00fcnya n\u00fcfusu, de\u011fi\u015fen t\u00fcketici al\u0131\u015fkanl\u0131klar\u0131, iklim de\u011fi\u015fikli\u011finin tar\u0131m \u00fczerindeki etkileri ve s\u00fcrd\u00fcr\u00fclebilirlik bask\u0131lar\u0131 gibi bir dizi k\u00fcresel meydan okumayla kar\u015f\u0131 kar\u015f\u0131yad\u0131r. Bu karma\u015f\u0131k denklemde, \u015firketlerin rekabet avantaj\u0131 elde etmesi ve uzun vadede ayakta kalabilmesi, inovasyon yeteneklerine do\u011frudan ba\u011fl\u0131d\u0131r. \u0130\u015fte bu noktada, bir <strong>Ar-Ge Merkezi<\/strong> kurumsal bir yap\u0131 i\u00e7in l\u00fcksten ziyade hayati bir zorunluluk haline gelmektedir. G\u0131da sekt\u00f6r\u00fcnde faaliyet g\u00f6steren bir <strong>Ar-Ge Merkezi<\/strong>, yeni ve fonksiyonel g\u0131dalar\u0131n geli\u015ftirilmesi, \u00fcr\u00fcnlerin raf \u00f6mr\u00fcn\u00fcn uzat\u0131lmas\u0131, g\u0131da israf\u0131n\u0131n azalt\u0131lmas\u0131na y\u00f6nelik teknolojilerin hayata ge\u00e7irilmesi, daha sa\u011fl\u0131kl\u0131 ve besleyici i\u00e7eriklerin form\u00fcle edilmesi ve \u00fcretim s\u00fcre\u00e7lerinde verimlili\u011fin art\u0131r\u0131lmas\u0131 gibi kritik g\u00f6revler \u00fcstlenir. Ayr\u0131ca, ambalaj teknolojilerinden dijital tar\u0131m uygulamalar\u0131na, biyoteknolojiden yapay zeka destekli kalite kontrole kadar geni\u015f bir yelpazede \u00e7al\u0131\u015fmalar y\u00fcr\u00fcterek \u015firketin gelece\u011fini g\u00fcvence alt\u0131na al\u0131r. S\u00fcta\u015f&#8217;\u0131n bu alana yapt\u0131\u011f\u0131 yat\u0131r\u0131m, \u015firketin gelece\u011fi okuma ve proaktif stratejiler geli\u015ftirme konusundaki vizyoner yakla\u015f\u0131m\u0131n\u0131n en net g\u00f6stergesidir.<\/p>\n<h2><span class=\"ez-toc-section\" id=\"Yillik_Degerlendirme_Sureci_Basarilarin_Analizi_ve_Ogrenimler\"><\/span>Y\u0131ll\u0131k De\u011ferlendirme S\u00fcreci: Ba\u015far\u0131lar\u0131n Analizi ve \u00d6\u011frenimler<span class=\"ez-toc-section-end\"><\/span><\/h2>\n<p>Univation ofisinde ger\u00e7ekle\u015fen toplant\u0131n\u0131n ana g\u00fcndem maddelerinden biri, S\u00fcta\u015f Ar-Ge Merkezi taraf\u0131ndan ge\u00e7ti\u011fimiz y\u0131l boyunca ger\u00e7ekle\u015ftirilen faaliyetlerin kapsaml\u0131 bir analizini yapmakt\u0131. Bu de\u011ferlendirme s\u00fcreci, basit bir performans \u00f6l\u00e7\u00fcm\u00fcn\u00fcn \u00e7ok \u00f6tesinde, stratejik bir \u00f6\u011frenme ve geli\u015fim f\u0131rsat\u0131 olarak ele al\u0131nd\u0131. Toplant\u0131da, tamamlanan projelerin \u00e7\u0131kt\u0131lar\u0131, elde edilen patent ve faydal\u0131 model say\u0131lar\u0131, geli\u015ftirilen yeni \u00fcr\u00fcnlerin pazar performanslar\u0131, ulusal ve uluslararas\u0131 destek programlar\u0131ndan sa\u011flanan hibeler ve akademik i\u015f birlikleri gibi somut veriler detayl\u0131 bir \u015fekilde incelendi. Hakan Ery\u0131lmaz&#8217;\u0131n moderat\u00f6rl\u00fc\u011f\u00fcnde, hangi projelerin hedeflere ula\u015ft\u0131\u011f\u0131, hangi alanlarda zorluklar ya\u015fand\u0131\u011f\u0131 ve bu zorluklar\u0131n \u00fcstesinden gelmek i\u00e7in ne gibi dersler \u00e7\u0131kar\u0131ld\u0131\u011f\u0131 \u00fczerine yap\u0131c\u0131 bir diyalog ortam\u0131 olu\u015fturuldu. Bu \u015feffaf ve veri odakl\u0131 yakla\u015f\u0131m, sadece mevcut durumu tespit etmekle kalmad\u0131, ayn\u0131 zamanda gelecekteki projeler i\u00e7in daha sa\u011flam bir temel olu\u015fturulmas\u0131n\u0131 sa\u011flad\u0131. Etkin bir Ar-Ge Merkezi y\u00f6netimi, sadece ba\u015far\u0131l\u0131 projeler \u00fcretmek de\u011fil, ayn\u0131 zamanda ba\u015far\u0131s\u0131zl\u0131klardan da \u00f6\u011frenerek s\u00fcrekli bir iyile\u015ftirme d\u00f6ng\u00fcs\u00fc yaratmakt\u0131r.<\/p>\n<h2><span class=\"ez-toc-section\" id=\"Gelecege_Bakis_2026_Yili_Icin_Belirlenen_Cesur_Hedefler\"><\/span>Gelece\u011fe Bak\u0131\u015f: 2026 Y\u0131l\u0131 \u0130\u00e7in Belirlenen Cesur Hedefler<span class=\"ez-toc-section-end\"><\/span><\/h2>\n<p>Toplant\u0131n\u0131n en heyecan verici b\u00f6l\u00fcm\u00fc ise S\u00fcta\u015f&#8217;\u0131n 2026 y\u0131l\u0131na y\u00f6nelik yeni Ar-Ge Merkezi hedeflerinin belirlendi\u011fi strateji oturumuydu. Murat Arat ve \u00d6zlem Kaner, S\u00fcta\u015f&#8217;\u0131n gelecek vizyonunu ve bu vizyon do\u011frultusunda Ar-Ge&#8217;den beklentilerini net bir \u015fekilde ortaya koydular. Belirlenen yeni hedefler, \u015firketin sadece pazar liderli\u011fini s\u00fcrd\u00fcrmeyi de\u011fil, ayn\u0131 zamanda k\u00fcresel g\u0131da trendlerine y\u00f6n veren bir inovasyon merkezi olmay\u0131 ama\u00e7lad\u0131\u011f\u0131n\u0131 g\u00f6steriyor. Bu hedefler aras\u0131nda; \u00fcretim s\u00fcre\u00e7lerinde karbon ayak izini azaltacak teknolojileri implemente etmek, yapay zeka ve makine \u00f6\u011frenmesi algoritmalar\u0131n\u0131 kullanarak talep tahminlemesi ve kalite kontrol s\u00fcre\u00e7lerini otomatize etmek gibi iddial\u0131 maddeler yer al\u0131yor. Bu hedeflere ula\u015fmak, S\u00fcta\u015f <strong>Ar-Ge Merkezi<\/strong> i\u00e7in hem b\u00fcy\u00fck bir meydan okuma hem de muazzam bir f\u0131rsat anlam\u0131na geliyor. Univation olarak bizler de bu vizyoner hedeflere ula\u015fma yolculu\u011funda stratejik bir ortak olarak S\u00fcta\u015f&#8217;\u0131n yan\u0131nda olmaktan gurur duyuyoruz.<\/p>\n<h2><span class=\"ez-toc-section\" id=\"Univationin_Stratejik_Danismanlik_Rolu_ve_Katma_Degeri\"><\/span>Univation&#8217;\u0131n Stratejik Dan\u0131\u015fmanl\u0131k Rol\u00fc ve Katma De\u011feri<span class=\"ez-toc-section-end\"><\/span><\/h2>\n<p>Bir \u015firketin **Ar-Ge Merkezi** kurmas\u0131 ve i\u015fletmesi, karma\u015f\u0131k ve \u00e7ok katmanl\u0131 bir s\u00fcre\u00e7tir. Bu s\u00fcre\u00e7, sadece bilimsel ve teknik yetkinlik de\u011fil, ayn\u0131 zamanda stratejik planlama, proje y\u00f6netimi, te\u015fvik mekanizmalar\u0131na hakimiyet ve insan kayna\u011f\u0131 y\u00f6netimi gibi farkl\u0131 disiplinlerde uzmanl\u0131k gerektirir. Univation, Hakan Ery\u0131lmaz liderli\u011finde, tam da bu noktada devreye girerek \u015firketlere 360 derece bir dan\u0131\u015fmanl\u0131k hizmeti sunmaktad\u0131r. S\u00fcta\u015f ile olan i\u015f birli\u011fimizde de rol\u00fcm\u00fcz, sadece mevcut durumu de\u011ferlendirmek veya hedefleri belirlemekle s\u0131n\u0131rl\u0131 de\u011fildir. Biz, hedeflere ula\u015fmak i\u00e7in gerekli olan proje portf\u00f6y\u00fcn\u00fcn olu\u015fturulmas\u0131, bu projeler i\u00e7in T\u00dcB\u0130TAK gibi ulusal ve Horizon Europe gibi uluslararas\u0131 fon kaynaklar\u0131n\u0131n bulunmas\u0131, proje ba\u015fvurular\u0131n\u0131n haz\u0131rlanmas\u0131, proje y\u00f6netim metodolojilerinin kurulmas\u0131 ve Ar-Ge Merkezi personelinin yetkinliklerinin art\u0131r\u0131lmas\u0131 gibi konularda aktif olarak rol al\u0131yoruz. Stratejik \u00f6ng\u00f6r\u00fcm\u00fcz ve sekt\u00f6rel tecr\u00fcbemizle, S\u00fcta\u015f&#8217;\u0131n Ar-Ge potansiyelini en \u00fcst d\u00fczeye \u00e7\u0131karmas\u0131na ve yat\u0131r\u0131mlar\u0131n\u0131n geri d\u00f6n\u00fc\u015f\u00fcn\u00fc maksimize etmesine yard\u0131mc\u0131 oluyoruz. Ba\u015far\u0131l\u0131 bir Ar-Ge Merkezi y\u00f6netimi, do\u011fru strateji ve do\u011fru ortaklarla m\u00fcmk\u00fcnd\u00fcr.<\/p>\n<h2><span class=\"ez-toc-section\" id=\"Gida_Inovasyonunun_Gelecegi_Surdurulebilirlik_Dijitallesme_ve_Saglik\"><\/span>G\u0131da \u0130novasyonunun Gelece\u011fi: S\u00fcrd\u00fcr\u00fclebilirlik, Dijitalle\u015fme ve Sa\u011fl\u0131k<span class=\"ez-toc-section-end\"><\/span><\/h2>\n<p>S\u00fcta\u015f ve Univation aras\u0131ndaki bu stratejik zirve, ayn\u0131 zamanda g\u0131da sekt\u00f6r\u00fcn\u00fcn gelece\u011fini \u015fekillendirecek \u00fc\u00e7 ana trend \u00fczerine derinlemesine bir beyin f\u0131rt\u0131nas\u0131 yapma imkan\u0131 sundu: s\u00fcrd\u00fcr\u00fclebilirlik, dijitalle\u015fme ve ki\u015fiselle\u015ftirilmi\u015f sa\u011fl\u0131k. Art\u0131k t\u00fcketiciler sadece lezzetli ve uygun fiyatl\u0131 \u00fcr\u00fcnler de\u011fil, ayn\u0131 zamanda \u00e7evreye duyarl\u0131, etik kaynaklardan elde edilmi\u015f ve kendi sa\u011fl\u0131k hedeflerine uygun \u00fcr\u00fcnler talep ediyor. Bu beklentilere yan\u0131t verebilmek, inovasyonun odak noktas\u0131n\u0131 de\u011fi\u015ftirmeyi gerektiriyor. Gelece\u011fin ba\u015far\u0131l\u0131 g\u0131da \u015firketleri, d\u00f6ng\u00fcsel ekonomi prensiplerini benimseyen, su ve enerji verimlili\u011fini en \u00fcst d\u00fczeye \u00e7\u0131karan, ambalaj at\u0131klar\u0131n\u0131 minimize eden \u015firketler olacakt\u0131r. Ayn\u0131 \u015fekilde, blokzincir ile g\u0131da g\u00fcvenli\u011finde \u015feffafl\u0131k sa\u011flayan, yapay zeka ile ki\u015fiselle\u015ftirilmi\u015f beslenme \u00f6nerileri sunan ve b\u00fcy\u00fck veri analizi ile t\u00fcketici trendlerini anl\u0131k olarak takip eden \u015firketler rekabette \u00f6ne \u00e7\u0131kacakt\u0131r. S\u00fcta\u015f&#8217;\u0131n 2026 hedeflerinin bu \u00fc\u00e7 ana eksen etraf\u0131nda \u015fekillenmesi, \u015firketin gelece\u011fi ne kadar do\u011fru okudu\u011funun bir kan\u0131t\u0131d\u0131r. Bu vizyoner yakla\u015f\u0131m\u0131n merkezinde ise yine, bu trendleri somut projelere ve \u00fcr\u00fcnlere d\u00f6n\u00fc\u015ft\u00fcrecek olan dinamik Ar-Ge Merkezi yer almaktad\u0131r.<\/p>\n<figure id=\"attachment_581\" aria-describedby=\"caption-attachment-581\" style=\"width: 900px\" class=\"wp-caption aligncenter\"><img decoding=\"async\" class=\"size-full wp-image-581\" src=\"https:\/\/univation.com.tr\/hibeler\/wp-content\/uploads\/2025\/12\/sutas-ar-ge-merkezi-3.jpg\" alt=\"Ar-ge Merkezi\" width=\"900\" height=\"600\" srcset=\"https:\/\/univation.com.tr\/hibeler\/wp-content\/uploads\/2025\/12\/sutas-ar-ge-merkezi-3.jpg 900w, https:\/\/univation.com.tr\/hibeler\/wp-content\/uploads\/2025\/12\/sutas-ar-ge-merkezi-3-300x200.jpg 300w, https:\/\/univation.com.tr\/hibeler\/wp-content\/uploads\/2025\/12\/sutas-ar-ge-merkezi-3-768x512.jpg 768w\" sizes=\"(max-width: 900px) 100vw, 900px\" \/><figcaption id=\"caption-attachment-581\" class=\"wp-caption-text\">Ar-ge Merkezi<\/figcaption><\/figure>\n<h2><\/h2>\n<h2><span class=\"ez-toc-section\" id=\"Is_Birliginin_Gucu_Sinerji_Yaratarak_Gelecegi_Birlikte_Insa_Etmek\"><\/span>\u0130\u015f Birli\u011finin G\u00fcc\u00fc: Sinerji Yaratarak Gelece\u011fi Birlikte \u0130n\u015fa Etmek<span class=\"ez-toc-section-end\"><\/span><\/h2>\n<p>S\u00fcta\u015f Ar-Ge ve Teknoloji Ba\u015fkan\u0131 Murat Arat&#8217;\u0131n da belirtti\u011fi gibi, g\u00fcn\u00fcm\u00fcz\u00fcn karma\u015f\u0131k sorunlar\u0131na tek bir kurumun tek ba\u015f\u0131na \u00e7\u00f6z\u00fcm bulmas\u0131 m\u00fcmk\u00fcn de\u011fildir. Ba\u015far\u0131, farkl\u0131 uzmanl\u0131klara sahip kurumlar\u0131n bir araya gelerek ortak bir ama\u00e7 do\u011frultusunda sinerji yaratmas\u0131yla elde edilir. S\u00fcta\u015f&#8217;\u0131n g\u0131da \u00fcretimi ve pazar\u0131ndaki derin tecr\u00fcbesi ile Univation&#8217;\u0131n Ar-Ge y\u00f6netimi, inovasyon stratejileri ve hibe programlar\u0131 konusundaki uzmanl\u0131\u011f\u0131n\u0131n birle\u015fimi, tam da b\u00f6yle bir sinerji yaratmaktad\u0131r. Bu i\u015f birli\u011fi, her iki kurumun da kendi g\u00fc\u00e7l\u00fc y\u00f6nlerini masaya koyarak 1+1&#8217;in 3 etti\u011fi bir katma de\u011fer zinciri olu\u015fturmas\u0131n\u0131 sa\u011flamaktad\u0131r. Ger\u00e7ekle\u015ftirilen bu toplant\u0131, bu i\u015f birli\u011finin ne kadar sa\u011flam temeller \u00fczerine kuruldu\u011funu ve gelecekte daha da b\u00fcy\u00fck ba\u015far\u0131lara imza atma potansiyeli ta\u015f\u0131d\u0131\u011f\u0131n\u0131 bir kez daha g\u00f6stermi\u015ftir. Bir Ar-Ge Merkezi i\u00e7in do\u011fru stratejik ortakl\u0131klar kurmak, en az teknik altyap\u0131 kadar kritiktir. Bu ortakl\u0131klar, yeni bak\u0131\u015f a\u00e7\u0131lar\u0131 kazanmay\u0131, riskleri da\u011f\u0131tmay\u0131 ve hedeflere daha h\u0131zl\u0131 ve etkin bir \u015fekilde ula\u015fmay\u0131 m\u00fcmk\u00fcn k\u0131lar. S\u00fcta\u015f&#8217;\u0131n bu konudaki yakla\u015f\u0131m\u0131, sekt\u00f6rdeki di\u011fer firmalar i\u00e7in de ilham verici bir model te\u015fkil etmektedir. Bu modelin temelinde, g\u00fcvene dayal\u0131, \u015feffaf ve uzun vadeli bir ortakl\u0131k anlay\u0131\u015f\u0131 yatmaktad\u0131r. Bu g\u00fc\u00e7l\u00fc ortakl\u0131k sayesinde, S\u00fcta\u015f&#8217;\u0131n yenilik\u00e7i Ar-Ge Merkezi projeleri daha da ivme kazanacakt\u0131r.<\/p>\n<h2><span class=\"ez-toc-section\" id=\"Sonuc_Inovasyon_Yolculugunda_Kararli_Adimlar\"><\/span>Sonu\u00e7: \u0130novasyon Yolculu\u011funda Kararl\u0131 Ad\u0131mlar<span class=\"ez-toc-section-end\"><\/span><\/h2>\n<p>Sonu\u00e7 olarak, S\u00fcta\u015f yetkililerinin Univation ofisine ger\u00e7ekle\u015ftirdi\u011fi bu stratejik ziyaret, bir rutin de\u011ferlendirme toplant\u0131s\u0131n\u0131n \u00e7ok \u00f6tesinde bir anlam ta\u015f\u0131maktad\u0131r. Bu bulu\u015fma, T\u00fcrkiye&#8217;nin g\u0131da devi S\u00fcta\u015f&#8217;\u0131n inovasyon ve Ar-Ge&#8217;ye verdi\u011fi \u00f6nemin, gelece\u011fe y\u00f6nelik vizyonunun ve bu yolda Univation gibi stratejik ortaklarla ilerleme kararl\u0131l\u0131\u011f\u0131n\u0131n alt\u0131n\u0131 \u00e7izen g\u00fc\u00e7l\u00fc bir mesajd\u0131r. 2026 y\u0131l\u0131 i\u00e7in belirlenen iddial\u0131 hedefler, \u015firketin sadece pazar konumunu korumakla kalmay\u0131p, ayn\u0131 zamanda g\u0131da teknolojileri alan\u0131nda k\u00fcresel bir oyuncu olma arzusunu da net bir \u015fekilde ortaya koymaktad\u0131r. Bu hedeflere ula\u015fma yolculu\u011funda, \u015firketin en b\u00fcy\u00fck kozu \u015f\u00fcphesiz ki s\u00fcrekli \u00f6\u011frenen, geli\u015fen ve yenilik \u00fcreten dinamik <a href=\"https:\/\/inovasyon.com\/ar-ge-merkezi-yonetmeligi\/\" target=\"_blank\" rel=\"noopener\">Ar-Ge Merkezi<\/a> olacakt\u0131r. Univation olarak, bu heyecan verici yolculu\u011fun bir par\u00e7as\u0131 olmaktan ve S\u00fcta\u015f&#8217;\u0131n ba\u015far\u0131lar\u0131na katk\u0131 sa\u011flamaktan b\u00fcy\u00fck bir onur ve mutluluk duyuyoruz. \u0130nan\u0131yoruz ki bu g\u00fc\u00e7l\u00fc i\u015f birli\u011fi, hem S\u00fcta\u015f&#8217;\u0131n kurumsal hedeflerine ula\u015fmas\u0131na hizmet edecek hem de T\u00fcrkiye&#8217;nin g\u0131da sekt\u00f6r\u00fcn\u00fcn inovasyon kapasitesinin art\u0131r\u0131lmas\u0131na ve uluslararas\u0131 alanda rekabet g\u00fcc\u00fcn\u00fcn y\u00fckselmesine \u00f6nemli katk\u0131lar sunacakt\u0131r. Her ba\u015far\u0131l\u0131 Ar-Ge Merkezi arkas\u0131nda g\u00fc\u00e7l\u00fc bir vizyon ve kararl\u0131 bir ekip vard\u0131r ve S\u00fcta\u015f bu konuda \u00f6rnek bir yap\u0131 sergilemektedir.<\/p>\n<figure id=\"attachment_582\" aria-describedby=\"caption-attachment-582\" style=\"width: 750px\" class=\"wp-caption aligncenter\"><img decoding=\"async\" class=\"wp-image-582 size-publisher-lg\" src=\"https:\/\/univation.com.tr\/hibeler\/wp-content\/uploads\/2025\/12\/sutas-ar-ge-merkezi-750x430.jpg\" alt=\"Ar-ge Merkezi\" width=\"750\" height=\"430\" \/><figcaption id=\"caption-attachment-582\" class=\"wp-caption-text\">Ar-ge Merkezi<\/figcaption><\/figure>\n<h2><span class=\"ez-toc-section\" id=\"Daha_Fazlasini_Kesfedin\"><\/span>Daha Fazlas\u0131n\u0131 Ke\u015ffedin<span class=\"ez-toc-section-end\"><\/span><\/h2>\n<p>\u015eirketinizin inovasyon potansiyelini ortaya \u00e7\u0131karmak ve s\u00fcrd\u00fcr\u00fclebilir bir b\u00fcy\u00fcme sa\u011flamak i\u00e7in kendi Ar-Ge merkezinizi kurmay\u0131 m\u0131 d\u00fc\u015f\u00fcn\u00fcyorsunuz? Univation olarak, fikir a\u015famas\u0131ndan kurulum ve y\u00f6netim s\u00fcre\u00e7lerine kadar her ad\u0131mda size rehberlik ediyoruz. Devlet te\u015fviklerinden en \u00fcst d\u00fczeyde yararlanman\u0131z\u0131 sa\u011flayarak ve projelerinizi stratejik bir \u015fekilde y\u00f6neterek yat\u0131r\u0131m\u0131n\u0131z\u0131n kar\u015f\u0131l\u0131\u011f\u0131n\u0131 en verimli \u015fekilde alman\u0131za yard\u0131mc\u0131 oluyoruz. S\u00fcrecin t\u00fcm karma\u015f\u0131kl\u0131\u011f\u0131n\u0131 sizin i\u00e7in basitle\u015ftiriyoruz. Hizmetlerimiz hakk\u0131nda daha fazla bilgi almak ve \u015firketinizin gelece\u011fini inovasyonla \u015fekillendirmek i\u00e7in <a href=\"https:\/\/univation.com.tr\/ar-ge-merkezi-kurulumu-ve-moderatorlugu\/\">Ar-Ge Merkezi Kurulumu<\/a> sayfam\u0131z\u0131 ziyaret edebilir veya uzman ekibimizle do\u011frudan ileti\u015fime ge\u00e7ebilirsiniz.<\/p>\n","protected":false},"excerpt":{"rendered":"<p>T\u00fcrkiye&#8217;nin g\u0131da sekt\u00f6r\u00fcndeki lider markas\u0131 S\u00fcta\u015f&#8217;\u0131n ba\u015far\u0131s\u0131n\u0131n ard\u0131ndaki en \u00f6nemli itici g\u00fc\u00e7lerden biri olan Ar-Ge Merkezi faaliyetlerinin y\u0131ll\u0131k de\u011ferlendirmesi ve 2026 y\u0131l\u0131 hedeflerinin belirlenmesi amac\u0131yla, S\u00fcta\u015f Ar-Ge ve Teknoloji Ba\u015fkan\u0131 Murat Arat ve Ar-Ge Merkezi Koordinat\u00f6r\u00fc \u00d6zlem Kaner, Univation Genel M\u00fcd\u00fcr\u00fc Hakan Ery\u0131lmaz ile bir araya gelmek \u00fczere ofisimize \u00f6nemli bir ziyaret ger\u00e7ekle\u015ftirdi. Bu stratejik [&hellip;]<\/p>\n","protected":false},"author":1,"featured_media":583,"comment_status":"closed","ping_status":"closed","sticky":false,"template":"","format":"standard","meta":{"footnotes":""},"categories":[1],"tags":[],"class_list":["post-577","post","type-post","status-publish","format-standard","has-post-thumbnail","hentry","category-genel"],"_links":{"self":[{"href":"https:\/\/univation.com.tr\/hibeler\/wp-json\/wp\/v2\/posts\/577","targetHints":{"allow":["GET"]}}],"collection":[{"href":"https:\/\/univation.com.tr\/hibeler\/wp-json\/wp\/v2\/posts"}],"about":[{"href":"https:\/\/univation.com.tr\/hibeler\/wp-json\/wp\/v2\/types\/post"}],"author":[{"embeddable":true,"href":"https:\/\/univation.com.tr\/hibeler\/wp-json\/wp\/v2\/users\/1"}],"replies":[{"embeddable":true,"href":"https:\/\/univation.com.tr\/hibeler\/wp-json\/wp\/v2\/comments?post=577"}],"version-history":[{"count":3,"href":"https:\/\/univation.com.tr\/hibeler\/wp-json\/wp\/v2\/posts\/577\/revisions"}],"predecessor-version":[{"id":586,"href":"https:\/\/univation.com.tr\/hibeler\/wp-json\/wp\/v2\/posts\/577\/revisions\/586"}],"wp:featuredmedia":[{"embeddable":true,"href":"https:\/\/univation.com.tr\/hibeler\/wp-json\/wp\/v2\/media\/583"}],"wp:attachment":[{"href":"https:\/\/univation.com.tr\/hibeler\/wp-json\/wp\/v2\/media?parent=577"}],"wp:term":[{"taxonomy":"category","embeddable":true,"href":"https:\/\/univation.com.tr\/hibeler\/wp-json\/wp\/v2\/categories?post=577"},{"taxonomy":"post_tag","embeddable":true,"href":"https:\/\/univation.com.tr\/hibeler\/wp-json\/wp\/v2\/tags?post=577"}],"curies":[{"name":"wp","href":"https:\/\/api.w.org\/{rel}","templated":true}]}}