{"id":313,"date":"2024-05-02T13:29:06","date_gmt":"2024-05-02T10:29:06","guid":{"rendered":"https:\/\/univation.com.tr\/hibeler\/?p=313"},"modified":"2024-05-02T15:25:27","modified_gmt":"2024-05-02T12:25:27","slug":"alfemo-mobilya-tasarim-merkezi-onayi-sonrasi-ilk-proje-calistayi-gerceklesti","status":"publish","type":"post","link":"https:\/\/univation.com.tr\/hibeler\/alfemo-mobilya-tasarim-merkezi-onayi-sonrasi-ilk-proje-calistayi-gerceklesti\/","title":{"rendered":"Alfemo Mobilya Tasar\u0131m Merkezi Onay\u0131 Sonras\u0131 \u0130lk Proje \u00c7al\u0131\u015ftay\u0131 Ger\u00e7ekle\u015fti"},"content":{"rendered":"<p style=\"text-align: center;\"><iframe title=\"YouTube video player\" src=\"https:\/\/www.youtube.com\/embed\/40K6Km_T0PA?si=OQHsE2MslZXGbUEa\" width=\"560\" height=\"315\" frameborder=\"0\" allowfullscreen=\"allowfullscreen\"><\/iframe><\/p>\n<p>Proje \u00e7al\u0131\u015ftay\u0131, tasar\u0131m ve inovasyona \u00f6nem veren firmalar i\u00e7in son derece \u00f6nemli bir ara\u00e7t\u0131r. Bu sayede firmalar, farkl\u0131 bak\u0131\u015f a\u00e7\u0131lar\u0131n\u0131 bir araya getirerek, daha yarat\u0131c\u0131 ve etkili \u00e7\u00f6z\u00fcmler \u00fcretebilirler. Alfemo Mobilya da bu bilin\u00e7le, Sanayi Bakanl\u0131\u011f\u0131 taraf\u0131ndan Tasar\u0131m Merkezi olarak onaylanmas\u0131n\u0131n ard\u0131ndan ilk proje \u00e7al\u0131\u015ftay\u0131n\u0131 ger\u00e7ekle\u015ftirdi.<\/p>\n<figure id=\"attachment_314\" aria-describedby=\"caption-attachment-314\" style=\"width: 600px\" class=\"wp-caption aligncenter\"><img fetchpriority=\"high\" decoding=\"async\" class=\"size-full wp-image-314\" src=\"https:\/\/univation.com.tr\/hibeler\/wp-content\/uploads\/2024\/05\/proje-calistayi.jpg\" alt=\"Proje \u00e7al\u0131\u015ftay\u0131\" width=\"600\" height=\"600\" srcset=\"https:\/\/univation.com.tr\/hibeler\/wp-content\/uploads\/2024\/05\/proje-calistayi.jpg 600w, https:\/\/univation.com.tr\/hibeler\/wp-content\/uploads\/2024\/05\/proje-calistayi-300x300.jpg 300w, https:\/\/univation.com.tr\/hibeler\/wp-content\/uploads\/2024\/05\/proje-calistayi-150x150.jpg 150w\" sizes=\"(max-width: 600px) 100vw, 600px\" \/><figcaption id=\"caption-attachment-314\" class=\"wp-caption-text\">Proje \u00e7al\u0131\u015ftay\u0131<\/figcaption><\/figure>\n<p>Proje \u00e7al\u0131\u015ftay\u0131, Univation dan\u0131\u015fmanl\u0131k \u015firketi Genel M\u00fcd\u00fcr\u00fc Hakan Ery\u0131lmaz taraf\u0131ndan y\u00f6netildi. \u00c7al\u0131\u015ftayda, Alfemo Mobilya&#8217;n\u0131n yeni \u00fcr\u00fcn yelpazesi i\u00e7in geli\u015ftirilen tasar\u0131mlar ele al\u0131nd\u0131. Farkl\u0131 disiplinlerden uzmanlar, tasar\u0131mlara dair fikirlerini ve yorumlar\u0131n\u0131 payla\u015ft\u0131.<\/p>\n<p>Proje \u00e7al\u0131\u015ftay\u0131n\u0131n ana temas\u0131, &#8220;Yenilik\u00e7i Tasar\u0131mlar ile Alfemo Mobilya&#8217;n\u0131n K\u00fcresel Marka Yolculu\u011fu&#8221; idi. Proje \u00e7al\u0131\u015ftay\u0131nda, Alfemo Mobilya&#8217;n\u0131n k\u00fcresel bir marka olma yolunda hangi ad\u0131mlar\u0131 atmas\u0131 gerekti\u011fi ve bu hedefe ula\u015fmak i\u00e7in hangi t\u00fcr tasar\u0131mlara ihtiya\u00e7 duydu\u011fu tart\u0131\u015f\u0131ld\u0131.<\/p>\n<div id=\"ez-toc-container\" class=\"ez-toc-v2_0_82_1 counter-hierarchy ez-toc-counter ez-toc-grey ez-toc-container-direction\">\n<div class=\"ez-toc-title-container\">\n<p class=\"ez-toc-title\" style=\"cursor:inherit\">\u0130\u00e7indekiler<\/p>\n<span class=\"ez-toc-title-toggle\"><a href=\"#\" class=\"ez-toc-pull-right ez-toc-btn ez-toc-btn-xs ez-toc-btn-default ez-toc-toggle\" aria-label=\"\u0130\u00e7indekiler Tablosunu A\u00e7\/Kapat\"><span class=\"ez-toc-js-icon-con\"><span class=\"\"><span class=\"eztoc-hide\" style=\"display:none;\">Toggle<\/span><span class=\"ez-toc-icon-toggle-span\"><svg style=\"fill: #999;color:#999\" xmlns=\"http:\/\/www.w3.org\/2000\/svg\" class=\"list-377408\" width=\"20px\" height=\"20px\" viewBox=\"0 0 24 24\" fill=\"none\"><path d=\"M6 6H4v2h2V6zm14 0H8v2h12V6zM4 11h2v2H4v-2zm16 0H8v2h12v-2zM4 16h2v2H4v-2zm16 0H8v2h12v-2z\" fill=\"currentColor\"><\/path><\/svg><svg style=\"fill: #999;color:#999\" class=\"arrow-unsorted-368013\" xmlns=\"http:\/\/www.w3.org\/2000\/svg\" width=\"10px\" height=\"10px\" viewBox=\"0 0 24 24\" version=\"1.2\" baseProfile=\"tiny\"><path d=\"M18.2 9.3l-6.2-6.3-6.2 6.3c-.2.2-.3.4-.3.7s.1.5.3.7c.2.2.4.3.7.3h11c.3 0 .5-.1.7-.3.2-.2.3-.5.3-.7s-.1-.5-.3-.7zM5.8 14.7l6.2 6.3 6.2-6.3c.2-.2.3-.5.3-.7s-.1-.5-.3-.7c-.2-.2-.4-.3-.7-.3h-11c-.3 0-.5.1-.7.3-.2.2-.3.5-.3.7s.1.5.3.7z\"\/><\/svg><\/span><\/span><\/span><\/a><\/span><\/div>\n<nav><ul class='ez-toc-list ez-toc-list-level-1 ' ><li class='ez-toc-page-1 ez-toc-heading-level-2'><a class=\"ez-toc-link ez-toc-heading-1\" href=\"https:\/\/univation.com.tr\/hibeler\/alfemo-mobilya-tasarim-merkezi-onayi-sonrasi-ilk-proje-calistayi-gerceklesti\/#Proje_calistayinda_ele_alinan_bazi_onemli_konular_sunlardir\" >Proje \u00e7al\u0131\u015ftay\u0131nda ele al\u0131nan baz\u0131 \u00f6nemli konular \u015funlard\u0131r:<\/a><ul class='ez-toc-list-level-3' ><li class='ez-toc-heading-level-3'><a class=\"ez-toc-link ez-toc-heading-2\" href=\"https:\/\/univation.com.tr\/hibeler\/alfemo-mobilya-tasarim-merkezi-onayi-sonrasi-ilk-proje-calistayi-gerceklesti\/#Proje_calistayinin_icerigine_dair_bazi_ek_bilgiler\" >Proje \u00e7al\u0131\u015ftay\u0131n\u0131n i\u00e7eri\u011fine dair baz\u0131 ek bilgiler:<\/a><ul class='ez-toc-list-level-4' ><li class='ez-toc-heading-level-4'><a class=\"ez-toc-link ez-toc-heading-3\" href=\"https:\/\/univation.com.tr\/hibeler\/alfemo-mobilya-tasarim-merkezi-onayi-sonrasi-ilk-proje-calistayi-gerceklesti\/#Proje_calistayinin_Alfemo_Mobilyaya_sagladigi_bazi_faydalar_sunlardir\" >Proje \u00e7al\u0131\u015ftay\u0131n\u0131n Alfemo Mobilya&#8217;ya sa\u011flad\u0131\u011f\u0131 baz\u0131 faydalar \u015funlard\u0131r:<\/a><\/li><\/ul><\/li><li class='ez-toc-page-1 ez-toc-heading-level-3'><a class=\"ez-toc-link ez-toc-heading-4\" href=\"https:\/\/univation.com.tr\/hibeler\/alfemo-mobilya-tasarim-merkezi-onayi-sonrasi-ilk-proje-calistayi-gerceklesti\/#Alfemo_Mobilya_Tasarim_Merkezi_resmi_onay_aldi\" >Alfemo Mobilya Tasar\u0131m Merkezi resmi onay ald\u0131<\/a><\/li><\/ul><\/li><\/ul><\/nav><\/div>\n<h2><span class=\"ez-toc-section\" id=\"Proje_calistayinda_ele_alinan_bazi_onemli_konular_sunlardir\"><\/span>Proje \u00e7al\u0131\u015ftay\u0131nda ele al\u0131nan baz\u0131 \u00f6nemli konular \u015funlard\u0131r:<span class=\"ez-toc-section-end\"><\/span><\/h2>\n<p>Kullan\u0131c\u0131 Deneyimi: Alfemo Mobilya&#8217;n\u0131n yeni \u00fcr\u00fcnlerinin kullan\u0131c\u0131 dostu ve ergonomik olmas\u0131 gerekti\u011fi vurguland\u0131. Proje \u00e7al\u0131\u015ftay\u0131nda, kullan\u0131c\u0131lar\u0131n \u00fcr\u00fcnlerle nas\u0131l etkile\u015fime girecekleri ve \u00fcr\u00fcnlerden ne bekledikleri detayl\u0131 bir \u015fekilde analiz edildi. Bu sayede, kullan\u0131c\u0131lar\u0131n ihtiya\u00e7 ve beklentilerine en uygun tasar\u0131mlar\u0131n geli\u015ftirilmesi i\u00e7in \u00f6nemli bilgiler elde edildi.<\/p>\n<p>S\u00fcrd\u00fcr\u00fclebilirlik: \u00c7evre dostu ve s\u00fcrd\u00fcr\u00fclebilir malzemelerin kullan\u0131m\u0131 te\u015fvik edildi. Proje \u00e7al\u0131\u015ftay\u0131nda, Alfemo Mobilya&#8217;n\u0131n \u00fcretim s\u00fcre\u00e7lerinde ve \u00fcr\u00fcnlerinde s\u00fcrd\u00fcr\u00fclebilirli\u011fi nas\u0131l sa\u011flayabilece\u011fi tart\u0131\u015f\u0131ld\u0131. Farkl\u0131 s\u00fcrd\u00fcr\u00fclebilirlik \u00e7\u00f6z\u00fcmleri ele al\u0131nd\u0131 ve bu \u00e7\u00f6z\u00fcmlerin Alfemo Mobilya&#8217;ya sa\u011flayaca\u011f\u0131 faydalar de\u011ferlendirildi.<\/p>\n<p>Estetik: Alfemo Mobilya&#8217;n\u0131n tasar\u0131mlar\u0131n\u0131n modern ve \u015f\u0131k olmas\u0131 gerekti\u011fi vurguland\u0131. Proje \u00e7al\u0131\u015ftay\u0131nda, Alfemo Mobilya&#8217;n\u0131n marka kimli\u011fine ve hedef kitlesine uygun tasar\u0131mlar\u0131n nas\u0131l geli\u015ftirilebilece\u011fi tart\u0131\u015f\u0131ld\u0131. Farkl\u0131 estetik yakla\u015f\u0131mlar ele al\u0131nd\u0131 ve bu yakla\u015f\u0131mlar\u0131n Alfemo Mobilya&#8217;n\u0131n tasar\u0131mlar\u0131na nas\u0131l bir katk\u0131 sa\u011flayabilece\u011fi de\u011ferlendirildi.<\/p>\n<p>\u0130\u015flevsellik: Alfemo Mobilya&#8217;n\u0131n \u00fcr\u00fcnlerinin kullan\u0131\u015fl\u0131 ve pratik olmas\u0131 gerekti\u011fi belirtildi. Proje \u00e7al\u0131\u015ftay\u0131nda, Alfemo Mobilya&#8217;n\u0131n \u00fcr\u00fcnlerinin g\u00fcnl\u00fck ya\u015famda nas\u0131l kullan\u0131laca\u011f\u0131 ve kullan\u0131c\u0131lar\u0131n hangi i\u015flevlere ihtiya\u00e7 duydu\u011fu detayl\u0131 bir \u015fekilde analiz edildi. Bu sayede, kullan\u0131c\u0131lar\u0131n ihtiya\u00e7 ve beklentilerine en uygun i\u015flevselli\u011fe sahip tasar\u0131mlar\u0131n geli\u015ftirilmesi i\u00e7in \u00f6nemli bilgiler elde edildi.<\/p>\n<p>Rekabet\u00e7ilik: Alfemo Mobilya&#8217;n\u0131n tasar\u0131mlar\u0131n\u0131n global pazarda rekabet\u00e7i olmas\u0131 gerekti\u011fi vurguland\u0131. Proje \u00e7al\u0131\u015ftay\u0131nda, Alfemo Mobilya&#8217;n\u0131n global pazarda hangi rakiplerle kar\u015f\u0131 kar\u015f\u0131ya oldu\u011fu ve bu rakiplere kar\u015f\u0131 nas\u0131l bir fark yaratabilece\u011fi analiz edildi. Farkl\u0131 rekabet\u00e7i stratejileri ele al\u0131nd\u0131 ve bu stratejilerin Alfemo Mobilya&#8217;n\u0131n tasar\u0131mlar\u0131na nas\u0131l bir katk\u0131 sa\u011flayabilece\u011fi de\u011ferlendirildi.<\/p>\n<p>Proje \u00e7al\u0131\u015ftay\u0131n\u0131n sonunda, Alfemo Mobilya&#8217;n\u0131n yeni \u00fcr\u00fcn yelpazesi i\u00e7in geli\u015ftirilen tasar\u0131mlar\u0131n geli\u015ftirilmesi ve iyile\u015ftirilmesi i\u00e7in bir dizi \u00f6neride bulunuldu. Bu \u00f6neriler, Alfemo Mobilya&#8217;n\u0131n k\u00fcresel bir marka olma yolunda \u00f6nemli bir ad\u0131m atmas\u0131na yard\u0131mc\u0131 olacak.<\/p>\n<p>Proje \u00e7al\u0131\u015ftay\u0131na kat\u0131lan Alfemo Mobilya Genel M\u00fcd\u00fcr\u00fc Hakan Bahar, \u015funlar\u0131 s\u00f6yledi: &#8220;Sanayi Bakanl\u0131\u011f\u0131 taraf\u0131ndan Tasar\u0131m Merkezi olarak onaylanmak bizim i\u00e7in b\u00fcy\u00fck bir gurur. Bu \u00e7al\u0131\u015ftay da bu gururun bir g\u00f6stergesi. Farkl\u0131 disiplinlerden uzmanlar\u0131n fikirlerini ve yorumlar\u0131n\u0131 alarak tasar\u0131mlar\u0131m\u0131z\u0131 geli\u015ftirmek bizim i\u00e7in \u00e7ok \u00f6nemli. Bu sayede, k\u00fcresel pazarda rekabet\u00e7i olabilecek \u00fcr\u00fcnler geli\u015ftirebilece\u011fimize inan\u0131yoruz.&#8221;<\/p>\n<p>Proje \u00e7al\u0131\u015ftay\u0131, Alfemo Mobilya&#8217;n\u0131n tasar\u0131m ve inovasyona olan ba\u011fl\u0131l\u0131\u011f\u0131n\u0131n bir g\u00f6stergesi. Bu \u00e7al\u0131\u015ftay\u0131n, firman\u0131n k\u00fcresel bir marka olma yolunda \u00f6nemli bir ad\u0131m atmas\u0131na yard\u0131mc\u0131 olaca\u011f\u0131na inan\u0131yoruz.<\/p>\n<h3><span class=\"ez-toc-section\" id=\"Proje_calistayinin_icerigine_dair_bazi_ek_bilgiler\"><\/span>Proje \u00e7al\u0131\u015ftay\u0131n\u0131n i\u00e7eri\u011fine dair baz\u0131 ek bilgiler:<span class=\"ez-toc-section-end\"><\/span><\/h3>\n<p>\u00c7al\u0131\u015ftaya, Alfemo Mobilya&#8217;n\u0131n tasar\u0131m ekibi, \u00fcretim ekibi, pazarlama ekibi ve Univation dan\u0131\u015fmanl\u0131k \u015firketi temsilcileri kat\u0131ld\u0131.<br \/>\n\u00c7al\u0131\u015ftayda, Alfemo Mobilya&#8217;n\u0131n yeni \u00fcr\u00fcn yelpazesi i\u00e7in geli\u015ftirilen 10 farkl\u0131 tasar\u0131m ele al\u0131nd\u0131.<br \/>\n\u00c7al\u0131\u015ftayda, beyin f\u0131rt\u0131nas\u0131, grup \u00e7al\u0131\u015fmas\u0131 ve sunum gibi farkl\u0131 y\u00f6ntemler kullan\u0131ld\u0131.<\/p>\n<h4><span class=\"ez-toc-section\" id=\"Proje_calistayinin_Alfemo_Mobilyaya_sagladigi_bazi_faydalar_sunlardir\"><\/span>Proje \u00e7al\u0131\u015ftay\u0131n\u0131n Alfemo Mobilya&#8217;ya sa\u011flad\u0131\u011f\u0131 baz\u0131 faydalar \u015funlard\u0131r:<span class=\"ez-toc-section-end\"><\/span><\/h4>\n<p>Farkl\u0131 bak\u0131\u015f a\u00e7\u0131lar\u0131n\u0131n bir araya getirilmesi: Proje \u00e7al\u0131\u015ftay\u0131 sayesinde, Alfemo Mobilya&#8217;n\u0131n tasar\u0131m ekibi, farkl\u0131 disiplinlerden uzmanlar\u0131n fikirlerini ve yorumlar\u0131n\u0131 alarak tasar\u0131mlar\u0131n\u0131 geli\u015ftirme imkan\u0131 buldu. Bu sayede, tasar\u0131mlara farkl\u0131 bak\u0131\u015f a\u00e7\u0131lar\u0131yla bak\u0131ld\u0131 ve daha yarat\u0131c\u0131 ve etkili \u00e7\u00f6z\u00fcmler \u00fcretildi.<br \/>\n\u0130leti\u015fim ve i\u015f birli\u011finin art\u0131r\u0131lmas\u0131: Proje \u00e7al\u0131\u015ftay\u0131, Alfemo Mobilya&#8217;n\u0131n farkl\u0131 departmanlar\u0131 aras\u0131nda ileti\u015fim ve i\u015f birli\u011fini art\u0131rd\u0131. \u00c7al\u0131\u015ftayda, tasar\u0131m ekibi, \u00fcretim ekibi ve pazarlama ekibi bir araya gelerek tasar\u0131mlar hakk\u0131nda fikir al\u0131\u015fveri\u015finde bulundular. Bu sayede, tasar\u0131mlar\u0131n geli\u015ftirilmesi s\u00fcrecinde daha fazla sinerji yarat\u0131ld\u0131.<br \/>\nKarar verme s\u00fcrecinin h\u0131zland\u0131r\u0131lmas\u0131: Proje \u00e7al\u0131\u015ftay\u0131 sayesinde, Alfemo Mobilya&#8217;n\u0131n tasar\u0131mlarla ilgili karar verme s\u00fcreci h\u0131zland\u0131. \u00c7al\u0131\u015ftayda, tasar\u0131mlar farkl\u0131 uzmanlar taraf\u0131ndan de\u011ferlendirildi ve bu sayede daha h\u0131zl\u0131 ve do\u011fru kararlar al\u0131nd\u0131.<br \/>\nMotivasyonun art\u0131r\u0131lmas\u0131: Proje \u00e7al\u0131\u015ftay\u0131, Alfemo Mobilya&#8217;n\u0131n tasar\u0131m ekibinin motivasyonunu art\u0131rd\u0131. \u00c7al\u0131\u015ftayda, tasar\u0131m ekibi, tasar\u0131mlar\u0131n\u0131n farkl\u0131 uzmanlar taraf\u0131ndan takdir edildi\u011fini g\u00f6rd\u00fc ve bu da onlar\u0131n motivasyonlar\u0131n\u0131 art\u0131rd\u0131.<br \/>\nProje \u00e7al\u0131\u015ftay\u0131, Alfemo Mobilya i\u00e7in son derece ba\u015far\u0131l\u0131 bir deneyim oldu. Bu \u00e7al\u0131\u015ftay\u0131n, firman\u0131n k\u00fcresel bir marka olma yolunda \u00f6nemli bir ad\u0131m atmas\u0131na yard\u0131mc\u0131 olaca\u011f\u0131na inan\u0131yoruz.<\/p>\n<p>Alfemo Mobilya&#8217;n\u0131n Sanayi Bakanl\u0131\u011f\u0131 taraf\u0131ndan Tasar\u0131m Merkezi olarak onaylanmas\u0131n\u0131n ard\u0131ndan ger\u00e7ekle\u015ftirdi\u011fi ilk proje \u00e7al\u0131\u015ftay\u0131, tasar\u0131m ve inovasyona olan ba\u011fl\u0131l\u0131\u011f\u0131n\u0131n bir g\u00f6stergesi. Bu \u00e7al\u0131\u015ftay\u0131n, firman\u0131n k\u00fcresel bir marka olma yolunda \u00f6nemli bir ad\u0131m atmas\u0131na yard\u0131mc\u0131 olaca\u011f\u0131na inan\u0131yoruz.<\/p>\n<h3><span class=\"ez-toc-section\" id=\"Alfemo_Mobilya_Tasarim_Merkezi_resmi_onay_aldi\"><\/span>Alfemo Mobilya Tasar\u0131m Merkezi resmi onay ald\u0131<span class=\"ez-toc-section-end\"><\/span><\/h3>\n<p>Mobilya sekt\u00f6r\u00fcnde yeni bir d\u00f6nemin kap\u0131lar\u0131 araland\u0131. Bu \u00f6nemli geli\u015fme, sekt\u00f6r profesyonelleri, tasar\u0131mc\u0131lar ve akademisyenler aras\u0131nda b\u00fcy\u00fck bir heyecan yaratt\u0131. \u0130lk proje \u00e7al\u0131\u015ftay\u0131, tasar\u0131m merkezinin onay\u0131n\u0131 takiben h\u0131zla d\u00fczenlendi ve sekt\u00f6rde yarat\u0131c\u0131l\u0131\u011f\u0131 ve yenili\u011fi <a href=\"https:\/\/univation.com.tr\/hibeler\/ab-hibe-projeleri-avrupa-birliginin-destekledigi-firsatlar\/\" target=\"_blank\" rel=\"noopener\">te\u015fvik<\/a> etme misyonunu peki\u015ftiren bir etkinlik olarak \u00f6ne \u00e7\u0131kt\u0131.<\/p>\n<p>\u00c7al\u0131\u015ftay, Alfemo Mobilya&#8217;n\u0131n kurumsal vizyonunu yans\u0131tan bir ortamda ger\u00e7ekle\u015fti. Etkinlik, mobilya tasar\u0131m\u0131 ve \u00fcretimi alan\u0131nda T\u00fcrkiye&#8217;nin \u00f6nde gelen uzmanlar\u0131ndan baz\u0131lar\u0131n\u0131 bir araya getirdi. Kat\u0131l\u0131mc\u0131lar, sekt\u00f6rdeki en son trendler, s\u00fcrd\u00fcr\u00fclebilir \u00fcretim teknikleri ve yenilik\u00e7i tasar\u0131m stratejileri hakk\u0131nda bilgi al\u0131\u015fveri\u015finde bulundular. Bu \u00e7al\u0131\u015ftay, ayn\u0131 zamanda Alfemo&#8217;nun tasar\u0131m ve \u00fcretim s\u00fcre\u00e7lerinde inovasyona olan ba\u011fl\u0131l\u0131\u011f\u0131n\u0131 g\u00f6steren bir platform olarak da i\u015flev g\u00f6rd\u00fc.<\/p>\n<p>\u00c7al\u0131\u015ftay\u0131n ana g\u00fcndem maddelerinden biri, mobilya tasar\u0131m\u0131nda yenilik\u00e7i yakla\u015f\u0131mlar\u0131n entegrasyonuydu. Alfemo, bu yeni d\u00f6nemde, geleneksel tasar\u0131m anlay\u0131\u015flar\u0131n\u0131 modern teknolojilerle harmanlayarak pazarda fark yaratmay\u0131 hedefliyor. \u00c7al\u0131\u015ftayda, kat\u0131l\u0131mc\u0131lar aras\u0131nda yap\u0131lan beyin f\u0131rt\u0131nalar\u0131 ve grup tart\u0131\u015fmalar\u0131, bir\u00e7ok yarat\u0131c\u0131 fikrin ortaya \u00e7\u0131kmas\u0131na zemin haz\u0131rlad\u0131.<\/p>\n<p>Etkinlikte ayr\u0131ca, s\u00fcrd\u00fcr\u00fclebilirlik konusuna b\u00fcy\u00fck \u00f6nem verildi. Alfemo, \u00e7evresel etkileri minimuma indirgeyerek s\u00fcrd\u00fcr\u00fclebilir bir \u00fcretim s\u00fcrecini benimseme yolunda emin ad\u0131mlarla ilerlemeyi planl\u0131yor. \u00c7al\u0131\u015ftayda ele al\u0131nan konular aras\u0131nda, kullan\u0131lan malzemelerin \u00e7evresel ayak izinin azalt\u0131lmas\u0131, at\u0131k y\u00f6netimi ve enerji tasarrufu sa\u011flayacak \u00fcretim teknikleri bulunuyordu.<\/p>\n<figure id=\"attachment_315\" aria-describedby=\"caption-attachment-315\" style=\"width: 800px\" class=\"wp-caption aligncenter\"><img decoding=\"async\" class=\"size-full wp-image-315\" src=\"https:\/\/univation.com.tr\/hibeler\/wp-content\/uploads\/2024\/05\/alfemo-tasarim-merkezi.jpg\" alt=\"Alfemo Mobilya Tasar\u0131m Merkezi\" width=\"800\" height=\"457\" srcset=\"https:\/\/univation.com.tr\/hibeler\/wp-content\/uploads\/2024\/05\/alfemo-tasarim-merkezi.jpg 800w, https:\/\/univation.com.tr\/hibeler\/wp-content\/uploads\/2024\/05\/alfemo-tasarim-merkezi-300x171.jpg 300w, https:\/\/univation.com.tr\/hibeler\/wp-content\/uploads\/2024\/05\/alfemo-tasarim-merkezi-768x439.jpg 768w\" sizes=\"(max-width: 800px) 100vw, 800px\" \/><figcaption id=\"caption-attachment-315\" class=\"wp-caption-text\">Alfemo Mobilya Tasar\u0131m Merkezi<\/figcaption><\/figure>\n<p>Ayr\u0131ca, \u00e7al\u0131\u015ftay, Alfemo&#8217;nun gelecekteki projeleri i\u00e7in bir yol haritas\u0131 \u00e7izilmesine de olanak tan\u0131d\u0131. Kat\u0131l\u0131mc\u0131lar\u0131n geri bildirimleri ve \u00f6nerileri, \u015firketin stratejik planlamas\u0131na \u00f6nemli katk\u0131larda bulunacak. Alfemo i\u00e7in bu \u00e7al\u0131\u015ftay, hem i\u00e7 hem de d\u0131\u015f m\u00fc\u015fteri memnuniyetini art\u0131rarak pazar pay\u0131n\u0131 geni\u015fletme f\u0131rsat\u0131 olarak de\u011ferlendiriliyor.<\/p>\n<p>Sonu\u00e7 olarak, Alfemo Mobilya <a href=\"https:\/\/tasarim-merkezi.com\" target=\"_blank\" rel=\"noopener\">Tasar\u0131m Merkezi<\/a>&#8216;nin ilk proje \u00e7al\u0131\u015ftay\u0131, sekt\u00f6rdeki yenilik\u00e7i yakla\u015f\u0131mlar\u0131 ve s\u00fcrd\u00fcr\u00fclebilir \u00fcretim metodolojilerini benimseme konusundaki kararl\u0131l\u0131\u011f\u0131 peki\u015ftirdi. Bu etkinlik, \u015firketin gelecekteki ba\u015far\u0131lar\u0131 i\u00e7in sa\u011flam bir temel olu\u015fturdu ve sekt\u00f6rdeki di\u011fer oyuncular i\u00e7in de bir ilham kayna\u011f\u0131 oldu. Alfemo, bu \u00e7al\u0131\u015ftay\u0131 takiben, mobilya tasar\u0131m\u0131 ve \u00fcretiminde \u00f6nc\u00fc bir rol oynamaya devam edece\u011fini g\u00f6sterdi.<\/p>\n","protected":false},"excerpt":{"rendered":"<p>Sanayi Bakanl\u0131\u011f\u0131 taraf\u0131ndan Tasar\u0131m Merkezi olarak Onaylanan Alfemo Mobilya&#8217;da \u0130lk Proje \u00c7al\u0131\u015ftay\u0131 Ger\u00e7ekle\u015fti.<\/p>\n","protected":false},"author":1,"featured_media":316,"comment_status":"closed","ping_status":"closed","sticky":false,"template":"","format":"standard","meta":{"footnotes":""},"categories":[6],"tags":[],"class_list":["post-313","post","type-post","status-publish","format-standard","has-post-thumbnail","hentry","category-tesvikler"],"_links":{"self":[{"href":"https:\/\/univation.com.tr\/hibeler\/wp-json\/wp\/v2\/posts\/313","targetHints":{"allow":["GET"]}}],"collection":[{"href":"https:\/\/univation.com.tr\/hibeler\/wp-json\/wp\/v2\/posts"}],"about":[{"href":"https:\/\/univation.com.tr\/hibeler\/wp-json\/wp\/v2\/types\/post"}],"author":[{"embeddable":true,"href":"https:\/\/univation.com.tr\/hibeler\/wp-json\/wp\/v2\/users\/1"}],"replies":[{"embeddable":true,"href":"https:\/\/univation.com.tr\/hibeler\/wp-json\/wp\/v2\/comments?post=313"}],"version-history":[{"count":3,"href":"https:\/\/univation.com.tr\/hibeler\/wp-json\/wp\/v2\/posts\/313\/revisions"}],"predecessor-version":[{"id":329,"href":"https:\/\/univation.com.tr\/hibeler\/wp-json\/wp\/v2\/posts\/313\/revisions\/329"}],"wp:featuredmedia":[{"embeddable":true,"href":"https:\/\/univation.com.tr\/hibeler\/wp-json\/wp\/v2\/media\/316"}],"wp:attachment":[{"href":"https:\/\/univation.com.tr\/hibeler\/wp-json\/wp\/v2\/media?parent=313"}],"wp:term":[{"taxonomy":"category","embeddable":true,"href":"https:\/\/univation.com.tr\/hibeler\/wp-json\/wp\/v2\/categories?post=313"},{"taxonomy":"post_tag","embeddable":true,"href":"https:\/\/univation.com.tr\/hibeler\/wp-json\/wp\/v2\/tags?post=313"}],"curies":[{"name":"wp","href":"https:\/\/api.w.org\/{rel}","templated":true}]}}